{"id":3402,"date":"2024-09-24T00:03:30","date_gmt":"2024-09-23T15:03:30","guid":{"rendered":"https:\/\/jief.jp\/it\/?p=3402"},"modified":"2024-09-24T00:03:45","modified_gmt":"2024-09-23T15:03:45","slug":"patrocinio-allottava-edizione-delle-giornate-dellenergia-e-delleconomia-circolare-di-trevi-organizzata-da-globe-italia-e-wec-italia","status":"publish","type":"post","link":"https:\/\/jief.jp\/it\/patrocinio-allottava-edizione-delle-giornate-dellenergia-e-delleconomia-circolare-di-trevi-organizzata-da-globe-italia-e-wec-italia\/","title":{"rendered":"Patrocinio all&#8217;ottava edizione delle Giornate dell\u2019Energia e dell\u2019Economia Circolare di Trevi, organizzata da Globe Italia e WEC Italia"},"content":{"rendered":"\n<p>Si \u00e8 conclusa l&#8217;ottava edizione delle <strong>Giornate dell\u2019Energia e dell\u2019Economia Circolare<\/strong> di Trevi, iniziativa organizzata da <strong>Globe Italia<\/strong> per mettere a confronto gli attori della transizione ecologica con quattro giorni di talk, workshop e momenti di networking.<\/p>\n\n\n\n<p>Presenti all&#8217;iniziativa, patrocinata da <strong>Japan Italy Economic Federation<\/strong>, il presidente<strong> Daniele Di Santo<\/strong> e il presidente della <strong>Camera di Commercio giapponese in Italia<\/strong> <strong>Sadao Hisaka<\/strong>.<\/p>\n\n\n\n<p>Nella cornice della Chiesa di San Francesco si sono alternati oltre cento speaker intervenuti su temi- chiave quali le rinnovabili e le filiere agricole; il ciclo dell\u2019acqua e i cambiamenti climatici; il settore agroalimentare e i territori; l\u2019azione italiana per il clima verso i grandi appuntamenti internazionali come la COP29, la transizione giusta e inclusiva; la nuova direttiva imballaggi e l\u2019Italia del riciclo; PNIEC, nuovo Green Deal e technology roadmaps in dialogo con l\u2019Europa; geopolitica, Piano Mattei e diplomazia ambientale. Tra i molti interventi, anche quello del <strong>Ministro Pichetto Fratin<\/strong>, dell\u2019Inviato speciale per il cambiamento climatico del Governo italiano <strong>Francesco Corvaro<\/strong>, del Presidente di Arera <strong>Stefano Besseghini<\/strong> e del Sottosegretario al Ministero delle Infrastrutture e dei Trasporti <strong>Tullio Ferrante<\/strong>, della Capogruppo PD-Idp a Montecitorio <strong>Chiara Braga<\/strong>, di <strong>Annalisa Corrado<\/strong> e <strong>Antonella Sberna<\/strong> deputate all\u2019Europarlamento, di <strong>Massimo Milani<\/strong> componente della VIII Commissione Ambiente alla Camera,<strong> Vinicio Peluffo<\/strong> X Commissione Attivit\u00e0 Produttive alla Camera, del Sottosegretario al MASE <strong>Claudio Barbaro<\/strong>.<\/p>\n\n\n\n<p>\u201cLe Giornate di Trevi rappresentano sempre pi\u00f9 un laboratorio concreto e permanente in cui le eccellenze italiane del riciclo e dell\u2019efficienze energetica si incontrano, fornendo al decisore pubblico dati e strumenti efficaci per promuovere un quadro normativo coerente con le sfide che il nostro Paese ha davanti. La tripla transizione ha bisogno di tutte le migliori energie per coniugare sostenibilit\u00e0, innovazione tecnologica e attenzione all\u2019impatto sociale di questa rivoluzione. Una comunit\u00e0 che \u00e8 diventata sempre pi\u00f9 grande e che fa di Trevi un appuntamento imperdibile\u201d. Lo afferma <strong>Matteo Favero<\/strong>, Presidente di <strong>Globe Italia<\/strong> commentando l\u2019edizione 2024 delle Giornate di Trevi.<\/p>\n\n\n\n<p>Le Giornate dell\u2019Energia e dell\u2019Economia Circolare 2024 sono state patrocinate da Camera dei Deputati, Commissione Europea, Parlamento Europeo, Ministero dell\u2019Ambiente e della Sicurezza Energetica, Ministero degli Affari Esteri e della Cooperazione Internazionale, Regione Umbria, Comune di Trevi, Camera di Commercio e Industria Giapponese in Italia, Consiglio Nazionale dei Giovani, IFEC-Italian Forum of Energy Communities; Japan Italy Economic Federetion.<\/p>\n","protected":false},"excerpt":{"rendered":"<p>Si \u00e8 conclusa l&#8217;ottava edizione delle Giornate dell\u2019Energia e dell\u2019Economia Circolare di Trevi, iniziativa organizzata da Globe Italia per mettere a confronto gli attori della transizione ecologica con quattro giorni di talk, workshop e momenti di networking. Presenti all&#8217;iniziativa, patrocinata da Japan Italy Economic Federation, il presidente Daniele Di Santo e il presidente della Camera di Commercio giapponese in Italia Sadao Hisaka. Nella cornice della Chiesa di San Francesco si sono alternati oltre cento speaker intervenuti su temi- chiave quali le rinnovabili e le filiere agricole; il ciclo dell\u2019acqua e i cambiamenti climatici; il settore agroalimentare e i territori; l\u2019azione italiana per il clima verso i grandi appuntamenti internazionali come [&hellip;]<\/p>\n","protected":false},"author":1,"featured_media":3403,"comment_status":"closed","ping_status":"closed","sticky":false,"template":"","format":"standard","meta":{"site-sidebar-layout":"default","site-content-layout":"","ast-site-content-layout":"default","site-content-style":"default","site-sidebar-style":"default","ast-global-header-display":"","ast-banner-title-visibility":"","ast-main-header-display":"","ast-hfb-above-header-display":"","ast-hfb-below-header-display":"","ast-hfb-mobile-header-display":"","site-post-title":"","ast-breadcrumbs-content":"","ast-featured-img":"","footer-sml-layout":"","ast-disable-related-posts":"","theme-transparent-header-meta":"","adv-header-id-meta":"","stick-header-meta":"","header-above-stick-meta":"","header-main-stick-meta":"","header-below-stick-meta":"","astra-migrate-meta-layouts":"default","ast-page-background-enabled":"default","ast-page-background-meta":{"desktop":{"background-color":"","background-image":"","background-repeat":"repeat","background-position":"center center","background-size":"auto","background-attachment":"scroll","background-type":"","background-media":"","overlay-type":"","overlay-color":"","overlay-opacity":"","overlay-gradient":""},"tablet":{"background-color":"","background-image":"","background-repeat":"repeat","background-position":"center center","background-size":"auto","background-attachment":"scroll","background-type":"","background-media":"","overlay-type":"","overlay-color":"","overlay-opacity":"","overlay-gradient":""},"mobile":{"background-color":"","background-image":"","background-repeat":"repeat","background-position":"center center","background-size":"auto","background-attachment":"scroll","background-type":"","background-media":"","overlay-type":"","overlay-color":"","overlay-opacity":"","overlay-gradient":""}},"ast-content-background-meta":{"desktop":{"background-color":"var(--ast-global-color-5)","background-image":"","background-repeat":"repeat","background-position":"center center","background-size":"auto","background-attachment":"scroll","background-type":"","background-media":"","overlay-type":"","overlay-color":"","overlay-opacity":"","overlay-gradient":""},"tablet":{"background-color":"var(--ast-global-color-5)","background-image":"","background-repeat":"repeat","background-position":"center center","background-size":"auto","background-attachment":"scroll","background-type":"","background-media":"","overlay-type":"","overlay-color":"","overlay-opacity":"","overlay-gradient":""},"mobile":{"background-color":"var(--ast-global-color-5)","background-image":"","background-repeat":"repeat","background-position":"center center","background-size":"auto","background-attachment":"scroll","background-type":"","background-media":"","overlay-type":"","overlay-color":"","overlay-opacity":"","overlay-gradient":""}},"jetpack_post_was_ever_published":false,"_jetpack_newsletter_access":"","_jetpack_dont_email_post_to_subs":false,"_jetpack_newsletter_tier_id":0,"_jetpack_memberships_contains_paywalled_content":false,"_jetpack_memberships_contains_paid_content":false,"footnotes":"","jetpack_publicize_message":"","jetpack_publicize_feature_enabled":true,"jetpack_social_post_already_shared":true,"jetpack_social_options":{"image_generator_settings":{"template":"highway","default_image_id":0,"font":"","enabled":false},"version":2}},"categories":[1,41],"tags":[],"class_list":["post-3402","post","type-post","status-publish","format-standard","has-post-thumbnail","hentry","category-blog","category-eventi"],"yoast_head":"<!-- This site is optimized with the Yoast SEO plugin v27.5 - https:\/\/yoast.com\/product\/yoast-seo-wordpress\/ -->\n<title>Patrocinio all&#039;ottava edizione delle Giornate dell\u2019Energia e dell\u2019Economia Circolare di Trevi, organizzata da Globe Italia e WEC Italia - Japan Italy Economic Federation<\/title>\n<meta name=\"robots\" content=\"index, follow, max-snippet:-1, max-image-preview:large, max-video-preview:-1\" \/>\n<link rel=\"canonical\" href=\"https:\/\/jief.jp\/it\/patrocinio-allottava-edizione-delle-giornate-dellenergia-e-delleconomia-circolare-di-trevi-organizzata-da-globe-italia-e-wec-italia\/\" \/>\n<meta property=\"og:locale\" content=\"it_IT\" \/>\n<meta property=\"og:type\" content=\"article\" \/>\n<meta property=\"og:title\" content=\"Patrocinio all&#039;ottava edizione delle Giornate dell\u2019Energia e dell\u2019Economia Circolare di Trevi, organizzata da Globe Italia e WEC Italia - Japan Italy Economic Federation\" \/>\n<meta property=\"og:description\" content=\"Si \u00e8 conclusa l&#8217;ottava edizione delle Giornate dell\u2019Energia e dell\u2019Economia Circolare di Trevi, iniziativa organizzata da Globe Italia per mettere a confronto gli attori della transizione ecologica con quattro giorni di talk, workshop e momenti di networking. Presenti all&#8217;iniziativa, patrocinata da Japan Italy Economic Federation, il presidente Daniele Di Santo e il presidente della Camera di Commercio giapponese in Italia Sadao Hisaka. Nella cornice della Chiesa di San Francesco si sono alternati oltre cento speaker intervenuti su temi- chiave quali le rinnovabili e le filiere agricole; il ciclo dell\u2019acqua e i cambiamenti climatici; il settore agroalimentare e i territori; l\u2019azione italiana per il clima verso i grandi appuntamenti internazionali come [&hellip;]\" \/>\n<meta property=\"og:url\" content=\"https:\/\/jief.jp\/it\/patrocinio-allottava-edizione-delle-giornate-dellenergia-e-delleconomia-circolare-di-trevi-organizzata-da-globe-italia-e-wec-italia\/\" \/>\n<meta property=\"og:site_name\" content=\"Japan Italy Economic Federation\" \/>\n<meta property=\"article:publisher\" content=\"https:\/\/www.facebook.com\/JapanItalyEconomicFederationJIEF\" \/>\n<meta property=\"article:published_time\" content=\"2024-09-23T15:03:30+00:00\" \/>\n<meta property=\"article:modified_time\" content=\"2024-09-23T15:03:45+00:00\" \/>\n<meta property=\"og:image\" content=\"https:\/\/jief.jp\/it\/wp-content\/uploads\/2024\/09\/20240919_5-scaled.jpg\" \/>\n\t<meta property=\"og:image:width\" content=\"2560\" \/>\n\t<meta property=\"og:image:height\" content=\"1440\" \/>\n\t<meta property=\"og:image:type\" content=\"image\/jpeg\" \/>\n<meta name=\"author\" content=\"segreteria\" \/>\n<meta name=\"twitter:card\" content=\"summary_large_image\" \/>\n<meta name=\"twitter:label1\" content=\"Scritto da\" \/>\n\t<meta name=\"twitter:data1\" content=\"segreteria\" \/>\n\t<meta name=\"twitter:label2\" content=\"Tempo di lettura stimato\" \/>\n\t<meta name=\"twitter:data2\" content=\"2 minuti\" \/>\n<script type=\"application\/ld+json\" class=\"yoast-schema-graph\">{\"@context\":\"https:\\\/\\\/schema.org\",\"@graph\":[{\"@type\":\"Article\",\"@id\":\"https:\\\/\\\/jief.jp\\\/it\\\/patrocinio-allottava-edizione-delle-giornate-dellenergia-e-delleconomia-circolare-di-trevi-organizzata-da-globe-italia-e-wec-italia\\\/#article\",\"isPartOf\":{\"@id\":\"https:\\\/\\\/jief.jp\\\/it\\\/patrocinio-allottava-edizione-delle-giornate-dellenergia-e-delleconomia-circolare-di-trevi-organizzata-da-globe-italia-e-wec-italia\\\/\"},\"author\":{\"name\":\"segreteria\",\"@id\":\"https:\\\/\\\/jief.jp\\\/it\\\/#\\\/schema\\\/person\\\/9feda9a5800510fc88fe98723b5da6a4\"},\"headline\":\"Patrocinio all&#8217;ottava edizione delle Giornate dell\u2019Energia e dell\u2019Economia Circolare di Trevi, organizzata da Globe Italia e WEC Italia\",\"datePublished\":\"2024-09-23T15:03:30+00:00\",\"dateModified\":\"2024-09-23T15:03:45+00:00\",\"mainEntityOfPage\":{\"@id\":\"https:\\\/\\\/jief.jp\\\/it\\\/patrocinio-allottava-edizione-delle-giornate-dellenergia-e-delleconomia-circolare-di-trevi-organizzata-da-globe-italia-e-wec-italia\\\/\"},\"wordCount\":408,\"publisher\":{\"@id\":\"https:\\\/\\\/jief.jp\\\/it\\\/#organization\"},\"image\":{\"@id\":\"https:\\\/\\\/jief.jp\\\/it\\\/patrocinio-allottava-edizione-delle-giornate-dellenergia-e-delleconomia-circolare-di-trevi-organizzata-da-globe-italia-e-wec-italia\\\/#primaryimage\"},\"thumbnailUrl\":\"https:\\\/\\\/jief.jp\\\/it\\\/wp-content\\\/uploads\\\/2024\\\/09\\\/20240919_5-scaled.jpg\",\"articleSection\":[\"Blog\",\"Eventi\"],\"inLanguage\":\"it-IT\"},{\"@type\":\"WebPage\",\"@id\":\"https:\\\/\\\/jief.jp\\\/it\\\/patrocinio-allottava-edizione-delle-giornate-dellenergia-e-delleconomia-circolare-di-trevi-organizzata-da-globe-italia-e-wec-italia\\\/\",\"url\":\"https:\\\/\\\/jief.jp\\\/it\\\/patrocinio-allottava-edizione-delle-giornate-dellenergia-e-delleconomia-circolare-di-trevi-organizzata-da-globe-italia-e-wec-italia\\\/\",\"name\":\"Patrocinio all'ottava edizione delle Giornate dell\u2019Energia e dell\u2019Economia Circolare di Trevi, organizzata da Globe Italia e WEC Italia - Japan Italy Economic Federation\",\"isPartOf\":{\"@id\":\"https:\\\/\\\/jief.jp\\\/it\\\/#website\"},\"primaryImageOfPage\":{\"@id\":\"https:\\\/\\\/jief.jp\\\/it\\\/patrocinio-allottava-edizione-delle-giornate-dellenergia-e-delleconomia-circolare-di-trevi-organizzata-da-globe-italia-e-wec-italia\\\/#primaryimage\"},\"image\":{\"@id\":\"https:\\\/\\\/jief.jp\\\/it\\\/patrocinio-allottava-edizione-delle-giornate-dellenergia-e-delleconomia-circolare-di-trevi-organizzata-da-globe-italia-e-wec-italia\\\/#primaryimage\"},\"thumbnailUrl\":\"https:\\\/\\\/jief.jp\\\/it\\\/wp-content\\\/uploads\\\/2024\\\/09\\\/20240919_5-scaled.jpg\",\"datePublished\":\"2024-09-23T15:03:30+00:00\",\"dateModified\":\"2024-09-23T15:03:45+00:00\",\"breadcrumb\":{\"@id\":\"https:\\\/\\\/jief.jp\\\/it\\\/patrocinio-allottava-edizione-delle-giornate-dellenergia-e-delleconomia-circolare-di-trevi-organizzata-da-globe-italia-e-wec-italia\\\/#breadcrumb\"},\"inLanguage\":\"it-IT\",\"potentialAction\":[{\"@type\":\"ReadAction\",\"target\":[\"https:\\\/\\\/jief.jp\\\/it\\\/patrocinio-allottava-edizione-delle-giornate-dellenergia-e-delleconomia-circolare-di-trevi-organizzata-da-globe-italia-e-wec-italia\\\/\"]}]},{\"@type\":\"ImageObject\",\"inLanguage\":\"it-IT\",\"@id\":\"https:\\\/\\\/jief.jp\\\/it\\\/patrocinio-allottava-edizione-delle-giornate-dellenergia-e-delleconomia-circolare-di-trevi-organizzata-da-globe-italia-e-wec-italia\\\/#primaryimage\",\"url\":\"https:\\\/\\\/jief.jp\\\/it\\\/wp-content\\\/uploads\\\/2024\\\/09\\\/20240919_5-scaled.jpg\",\"contentUrl\":\"https:\\\/\\\/jief.jp\\\/it\\\/wp-content\\\/uploads\\\/2024\\\/09\\\/20240919_5-scaled.jpg\",\"width\":2560,\"height\":1440},{\"@type\":\"BreadcrumbList\",\"@id\":\"https:\\\/\\\/jief.jp\\\/it\\\/patrocinio-allottava-edizione-delle-giornate-dellenergia-e-delleconomia-circolare-di-trevi-organizzata-da-globe-italia-e-wec-italia\\\/#breadcrumb\",\"itemListElement\":[{\"@type\":\"ListItem\",\"position\":1,\"name\":\"Home\",\"item\":\"https:\\\/\\\/jief.jp\\\/it\\\/\"},{\"@type\":\"ListItem\",\"position\":2,\"name\":\"Patrocinio all&#8217;ottava edizione delle Giornate dell\u2019Energia e dell\u2019Economia Circolare di Trevi, organizzata da Globe Italia e WEC Italia\"}]},{\"@type\":\"WebSite\",\"@id\":\"https:\\\/\\\/jief.jp\\\/it\\\/#website\",\"url\":\"https:\\\/\\\/jief.jp\\\/it\\\/\",\"name\":\"Japan Italy Economic Federation\",\"description\":\"Japan Italy Economic Federation | \u65e5\u4f0a\u7d4c\u6e08\u9023\u5408\u4f1a\",\"publisher\":{\"@id\":\"https:\\\/\\\/jief.jp\\\/it\\\/#organization\"},\"potentialAction\":[{\"@type\":\"SearchAction\",\"target\":{\"@type\":\"EntryPoint\",\"urlTemplate\":\"https:\\\/\\\/jief.jp\\\/it\\\/?s={search_term_string}\"},\"query-input\":{\"@type\":\"PropertyValueSpecification\",\"valueRequired\":true,\"valueName\":\"search_term_string\"}}],\"inLanguage\":\"it-IT\"},{\"@type\":\"Organization\",\"@id\":\"https:\\\/\\\/jief.jp\\\/it\\\/#organization\",\"name\":\"Japan Italy Economic Federation\",\"url\":\"https:\\\/\\\/jief.jp\\\/it\\\/\",\"logo\":{\"@type\":\"ImageObject\",\"inLanguage\":\"it-IT\",\"@id\":\"https:\\\/\\\/jief.jp\\\/it\\\/#\\\/schema\\\/logo\\\/image\\\/\",\"url\":\"https:\\\/\\\/jief.jp\\\/it\\\/wp-content\\\/uploads\\\/2018\\\/11\\\/logo129x82-1.png\",\"contentUrl\":\"https:\\\/\\\/jief.jp\\\/it\\\/wp-content\\\/uploads\\\/2018\\\/11\\\/logo129x82-1.png\",\"width\":129,\"height\":63,\"caption\":\"Japan Italy Economic Federation\"},\"image\":{\"@id\":\"https:\\\/\\\/jief.jp\\\/it\\\/#\\\/schema\\\/logo\\\/image\\\/\"},\"sameAs\":[\"https:\\\/\\\/www.facebook.com\\\/JapanItalyEconomicFederationJIEF\"]},{\"@type\":\"Person\",\"@id\":\"https:\\\/\\\/jief.jp\\\/it\\\/#\\\/schema\\\/person\\\/9feda9a5800510fc88fe98723b5da6a4\",\"name\":\"segreteria\",\"url\":\"https:\\\/\\\/jief.jp\\\/it\\\/author\\\/disanto\\\/\"}]}<\/script>\n<!-- \/ Yoast SEO plugin. -->","yoast_head_json":{"title":"Patrocinio all'ottava edizione delle Giornate dell\u2019Energia e dell\u2019Economia Circolare di Trevi, organizzata da Globe Italia e WEC Italia - Japan Italy Economic Federation","robots":{"index":"index","follow":"follow","max-snippet":"max-snippet:-1","max-image-preview":"max-image-preview:large","max-video-preview":"max-video-preview:-1"},"canonical":"https:\/\/jief.jp\/it\/patrocinio-allottava-edizione-delle-giornate-dellenergia-e-delleconomia-circolare-di-trevi-organizzata-da-globe-italia-e-wec-italia\/","og_locale":"it_IT","og_type":"article","og_title":"Patrocinio all'ottava edizione delle Giornate dell\u2019Energia e dell\u2019Economia Circolare di Trevi, organizzata da Globe Italia e WEC Italia - Japan Italy Economic Federation","og_description":"Si \u00e8 conclusa l&#8217;ottava edizione delle Giornate dell\u2019Energia e dell\u2019Economia Circolare di Trevi, iniziativa organizzata da Globe Italia per mettere a confronto gli attori della transizione ecologica con quattro giorni di talk, workshop e momenti di networking. Presenti all&#8217;iniziativa, patrocinata da Japan Italy Economic Federation, il presidente Daniele Di Santo e il presidente della Camera di Commercio giapponese in Italia Sadao Hisaka. Nella cornice della Chiesa di San Francesco si sono alternati oltre cento speaker intervenuti su temi- chiave quali le rinnovabili e le filiere agricole; il ciclo dell\u2019acqua e i cambiamenti climatici; il settore agroalimentare e i territori; l\u2019azione italiana per il clima verso i grandi appuntamenti internazionali come [&hellip;]","og_url":"https:\/\/jief.jp\/it\/patrocinio-allottava-edizione-delle-giornate-dellenergia-e-delleconomia-circolare-di-trevi-organizzata-da-globe-italia-e-wec-italia\/","og_site_name":"Japan Italy Economic Federation","article_publisher":"https:\/\/www.facebook.com\/JapanItalyEconomicFederationJIEF","article_published_time":"2024-09-23T15:03:30+00:00","article_modified_time":"2024-09-23T15:03:45+00:00","og_image":[{"width":2560,"height":1440,"url":"https:\/\/jief.jp\/it\/wp-content\/uploads\/2024\/09\/20240919_5-scaled.jpg","type":"image\/jpeg"}],"author":"segreteria","twitter_card":"summary_large_image","twitter_misc":{"Scritto da":"segreteria","Tempo di lettura stimato":"2 minuti"},"schema":{"@context":"https:\/\/schema.org","@graph":[{"@type":"Article","@id":"https:\/\/jief.jp\/it\/patrocinio-allottava-edizione-delle-giornate-dellenergia-e-delleconomia-circolare-di-trevi-organizzata-da-globe-italia-e-wec-italia\/#article","isPartOf":{"@id":"https:\/\/jief.jp\/it\/patrocinio-allottava-edizione-delle-giornate-dellenergia-e-delleconomia-circolare-di-trevi-organizzata-da-globe-italia-e-wec-italia\/"},"author":{"name":"segreteria","@id":"https:\/\/jief.jp\/it\/#\/schema\/person\/9feda9a5800510fc88fe98723b5da6a4"},"headline":"Patrocinio all&#8217;ottava edizione delle Giornate dell\u2019Energia e dell\u2019Economia Circolare di Trevi, organizzata da Globe Italia e WEC Italia","datePublished":"2024-09-23T15:03:30+00:00","dateModified":"2024-09-23T15:03:45+00:00","mainEntityOfPage":{"@id":"https:\/\/jief.jp\/it\/patrocinio-allottava-edizione-delle-giornate-dellenergia-e-delleconomia-circolare-di-trevi-organizzata-da-globe-italia-e-wec-italia\/"},"wordCount":408,"publisher":{"@id":"https:\/\/jief.jp\/it\/#organization"},"image":{"@id":"https:\/\/jief.jp\/it\/patrocinio-allottava-edizione-delle-giornate-dellenergia-e-delleconomia-circolare-di-trevi-organizzata-da-globe-italia-e-wec-italia\/#primaryimage"},"thumbnailUrl":"https:\/\/jief.jp\/it\/wp-content\/uploads\/2024\/09\/20240919_5-scaled.jpg","articleSection":["Blog","Eventi"],"inLanguage":"it-IT"},{"@type":"WebPage","@id":"https:\/\/jief.jp\/it\/patrocinio-allottava-edizione-delle-giornate-dellenergia-e-delleconomia-circolare-di-trevi-organizzata-da-globe-italia-e-wec-italia\/","url":"https:\/\/jief.jp\/it\/patrocinio-allottava-edizione-delle-giornate-dellenergia-e-delleconomia-circolare-di-trevi-organizzata-da-globe-italia-e-wec-italia\/","name":"Patrocinio all'ottava edizione delle Giornate dell\u2019Energia e dell\u2019Economia Circolare di Trevi, organizzata da Globe Italia e WEC Italia - Japan Italy Economic Federation","isPartOf":{"@id":"https:\/\/jief.jp\/it\/#website"},"primaryImageOfPage":{"@id":"https:\/\/jief.jp\/it\/patrocinio-allottava-edizione-delle-giornate-dellenergia-e-delleconomia-circolare-di-trevi-organizzata-da-globe-italia-e-wec-italia\/#primaryimage"},"image":{"@id":"https:\/\/jief.jp\/it\/patrocinio-allottava-edizione-delle-giornate-dellenergia-e-delleconomia-circolare-di-trevi-organizzata-da-globe-italia-e-wec-italia\/#primaryimage"},"thumbnailUrl":"https:\/\/jief.jp\/it\/wp-content\/uploads\/2024\/09\/20240919_5-scaled.jpg","datePublished":"2024-09-23T15:03:30+00:00","dateModified":"2024-09-23T15:03:45+00:00","breadcrumb":{"@id":"https:\/\/jief.jp\/it\/patrocinio-allottava-edizione-delle-giornate-dellenergia-e-delleconomia-circolare-di-trevi-organizzata-da-globe-italia-e-wec-italia\/#breadcrumb"},"inLanguage":"it-IT","potentialAction":[{"@type":"ReadAction","target":["https:\/\/jief.jp\/it\/patrocinio-allottava-edizione-delle-giornate-dellenergia-e-delleconomia-circolare-di-trevi-organizzata-da-globe-italia-e-wec-italia\/"]}]},{"@type":"ImageObject","inLanguage":"it-IT","@id":"https:\/\/jief.jp\/it\/patrocinio-allottava-edizione-delle-giornate-dellenergia-e-delleconomia-circolare-di-trevi-organizzata-da-globe-italia-e-wec-italia\/#primaryimage","url":"https:\/\/jief.jp\/it\/wp-content\/uploads\/2024\/09\/20240919_5-scaled.jpg","contentUrl":"https:\/\/jief.jp\/it\/wp-content\/uploads\/2024\/09\/20240919_5-scaled.jpg","width":2560,"height":1440},{"@type":"BreadcrumbList","@id":"https:\/\/jief.jp\/it\/patrocinio-allottava-edizione-delle-giornate-dellenergia-e-delleconomia-circolare-di-trevi-organizzata-da-globe-italia-e-wec-italia\/#breadcrumb","itemListElement":[{"@type":"ListItem","position":1,"name":"Home","item":"https:\/\/jief.jp\/it\/"},{"@type":"ListItem","position":2,"name":"Patrocinio all&#8217;ottava edizione delle Giornate dell\u2019Energia e dell\u2019Economia Circolare di Trevi, organizzata da Globe Italia e WEC Italia"}]},{"@type":"WebSite","@id":"https:\/\/jief.jp\/it\/#website","url":"https:\/\/jief.jp\/it\/","name":"Japan Italy Economic Federation","description":"Japan Italy Economic Federation | \u65e5\u4f0a\u7d4c\u6e08\u9023\u5408\u4f1a","publisher":{"@id":"https:\/\/jief.jp\/it\/#organization"},"potentialAction":[{"@type":"SearchAction","target":{"@type":"EntryPoint","urlTemplate":"https:\/\/jief.jp\/it\/?s={search_term_string}"},"query-input":{"@type":"PropertyValueSpecification","valueRequired":true,"valueName":"search_term_string"}}],"inLanguage":"it-IT"},{"@type":"Organization","@id":"https:\/\/jief.jp\/it\/#organization","name":"Japan Italy Economic Federation","url":"https:\/\/jief.jp\/it\/","logo":{"@type":"ImageObject","inLanguage":"it-IT","@id":"https:\/\/jief.jp\/it\/#\/schema\/logo\/image\/","url":"https:\/\/jief.jp\/it\/wp-content\/uploads\/2018\/11\/logo129x82-1.png","contentUrl":"https:\/\/jief.jp\/it\/wp-content\/uploads\/2018\/11\/logo129x82-1.png","width":129,"height":63,"caption":"Japan Italy Economic Federation"},"image":{"@id":"https:\/\/jief.jp\/it\/#\/schema\/logo\/image\/"},"sameAs":["https:\/\/www.facebook.com\/JapanItalyEconomicFederationJIEF"]},{"@type":"Person","@id":"https:\/\/jief.jp\/it\/#\/schema\/person\/9feda9a5800510fc88fe98723b5da6a4","name":"segreteria","url":"https:\/\/jief.jp\/it\/author\/disanto\/"}]}},"jetpack_publicize_connections":[],"jetpack_featured_media_url":"https:\/\/jief.jp\/it\/wp-content\/uploads\/2024\/09\/20240919_5-scaled.jpg","jetpack_sharing_enabled":true,"jetpack_shortlink":"https:\/\/wp.me\/parZAv-SS","_links":{"self":[{"href":"https:\/\/jief.jp\/it\/wp-json\/wp\/v2\/posts\/3402","targetHints":{"allow":["GET"]}}],"collection":[{"href":"https:\/\/jief.jp\/it\/wp-json\/wp\/v2\/posts"}],"about":[{"href":"https:\/\/jief.jp\/it\/wp-json\/wp\/v2\/types\/post"}],"author":[{"embeddable":true,"href":"https:\/\/jief.jp\/it\/wp-json\/wp\/v2\/users\/1"}],"replies":[{"embeddable":true,"href":"https:\/\/jief.jp\/it\/wp-json\/wp\/v2\/comments?post=3402"}],"version-history":[{"count":1,"href":"https:\/\/jief.jp\/it\/wp-json\/wp\/v2\/posts\/3402\/revisions"}],"predecessor-version":[{"id":3404,"href":"https:\/\/jief.jp\/it\/wp-json\/wp\/v2\/posts\/3402\/revisions\/3404"}],"wp:featuredmedia":[{"embeddable":true,"href":"https:\/\/jief.jp\/it\/wp-json\/wp\/v2\/media\/3403"}],"wp:attachment":[{"href":"https:\/\/jief.jp\/it\/wp-json\/wp\/v2\/media?parent=3402"}],"wp:term":[{"taxonomy":"category","embeddable":true,"href":"https:\/\/jief.jp\/it\/wp-json\/wp\/v2\/categories?post=3402"},{"taxonomy":"post_tag","embeddable":true,"href":"https:\/\/jief.jp\/it\/wp-json\/wp\/v2\/tags?post=3402"}],"curies":[{"name":"wp","href":"https:\/\/api.w.org\/{rel}","templated":true}]}}