{"id":4001,"date":"2025-10-05T21:20:53","date_gmt":"2025-10-05T12:20:53","guid":{"rendered":"https:\/\/jief.jp\/it\/?p=4001"},"modified":"2025-10-05T21:20:56","modified_gmt":"2025-10-05T12:20:56","slug":"missione-allexpo-di-osaka-con-globe-italia","status":"publish","type":"post","link":"https:\/\/jief.jp\/it\/missione-allexpo-di-osaka-con-globe-italia\/","title":{"rendered":"Missione all\u2019Expo di Osaka con Globe Italia"},"content":{"rendered":"\n<p>Japan Italy Economic Federation in missione in Giappone in occasione dell\u2019Expo di Osaka. Ospite nel padiglione Italia per l&#8217;evento \u201cItalia incontra Giappone. Costruire comunit\u00e0 sostenibili per il futuro delle nostre vite\u201d, dedicato al dialogo sui temi dell\u2019economia circolare, il presidente della federazione Daniele Di Santo ha posto l&#8217;attenzione sugli spazi per una maggiore cooperazione tra Italia e Giappone sul tema ambiente. L\u2019evento, organizzato dall\u2019Associazione nazionale per il clima Globe Italia, e a cui hanno preso parte i consorzi Cobat, Conai, Comieco e Corepla, eccellenze italiane e leader in Europa, ha ospitato anche la presentazione dell&#8217;opera del Maestro Marco Nereo Rotelli da parte del co-curatore e policy analist del Ministero della Cultura Francesco Malfitano, sintesi espressiva della forza del Made in Italy e dei primati dell&#8217;economia circolare italiana.<\/p>\n\n\n\n<p>\u201cIn questo delicato momento storico di incertezza e instabilit\u00e0, l\u2019EXPO di Osaka ha offerto una opportunit\u00e0 unica di incontro, di condivisione, in contrapposizione alle molte altre divisioni che si stanno consumando sui teatri di guerra ma anche nel commercio internazionale. L\u2019opportunit\u00e0 che questo evento offre al sistema-paese Italia \u00e8 anche quello di poter comunicare e far conoscere al Giappone alcune delle nostre eccellenze uniche, forse poco visibili e sicuramente poco visibili a loro, che sono opportunit\u00e0 uniche per nuove frontiere di collaborazione. Tra queste, penso proprio al riciclo, di cui abbiamo qui oggi i protagonisti italiani e leader in Europa\u201d, ha dichiarato Di Santo nel suo intervento di saluto istituzionale.<\/p>\n\n\n\n<p>\u201cL&#8217;SDG 11 dell&#8217;Agenda ONU 2030 ha l&#8217;obiettivo di migliorare la sostenibilit\u00e0, la sicurezza, l&#8217;inclusivit\u00e0 e la resilienza delle citt\u00e0 e delle comunit\u00e0, puntando a trasformare i centri urbani in citt\u00e0 sostenibili e ridurre l&#8217;inquinamento attraverso iniziative di rigenerazione e riqualificazione urbana, potenziando le aree verdi e il riciclo delle materie prime e preservare il patrimonio di ogni centro abitato. Tematica questa che sar\u00e0 al centro del prossimo Green Expo del 2027, anch&#8217;esso organizzato qui in Giappone, a Yokohama\u201d, ha aggiunto il presidente JIEF a margine dell\u2019incontro.<\/p>\n\n\n\n<p>La missione in Giappone \u00e8 poi proseguita a Tokyo, con l\u2019incontro con il direttore generale del Ministero dell&#8217;Ambiente giapponese Uchida per parlare di economia circolare, riciclo e per tracciare un confronto tra sistema italiano e giapponese.<\/p>\n\n\n\n<div class=\"wp-block-essential-blocks-slider  root-eb-slider-gavhk\"><div class=\"eb-parent-wrapper eb-parent-eb-slider-gavhk \"><div class=\"eb-slider-wrapper eb-slider-gavhk\" data-blockid=\"eb-slider-gavhk\" data-version=\"v3\" data-settings=\"eyJhcnJvd3MiOnRydWUsImFkYXB0aXZlSGVpZ2h0Ijp0cnVlLCJhdXRvcGxheSI6dHJ1ZSwiYXV0b3BsYXlTcGVlZCI6MzAwMCwiZG90cyI6dHJ1ZSwiZmFkZSI6ZmFsc2UsImluZmluaXRlIjp0cnVlLCJwYXVzZU9uSG92ZXIiOnRydWUsInNsaWRlc1RvU2hvdyI6MSwic3BlZWQiOjUwMCwidmVydGljYWwiOmZhbHNlLCJjdXJyZW50U2xpZGUiOjAsInJ0bCI6ZmFsc2UsInJlc3BvbnNpdmUiOlt7ImJyZWFrcG9pbnQiOjEwMjUsInNldHRpbmdzIjp7InNsaWRlc1RvU2hvdyI6MX19LHsiYnJlYWtwb2ludCI6NzY3LCJzZXR0aW5ncyI6eyJzbGlkZXNUb1Nob3ciOjF9fV19\" data-arrownexticon=\"fas fa-arrow-alt-circle-right\" data-arrowprevicon=\"fas fa-arrow-alt-circle-left\" data-lightbox=\"false\"><div class=\"eb-slider-init eb-slider-type-image\"><div class=\"eb-slider-item content-1\" data-src=\"https:\/\/jief.jp\/it\/wp-content\/uploads\/2025\/10\/DSC04903.jpg\"><div><img class=\"eb-slider-image\" data-lazy=\"https:\/\/jief.jp\/it\/wp-content\/uploads\/2025\/10\/DSC04903.jpg\"\/><\/div><\/div><div class=\"eb-slider-item content-1\" data-src=\"https:\/\/jief.jp\/it\/wp-content\/uploads\/2025\/10\/DSC04914.jpg\"><div><img class=\"eb-slider-image\" data-lazy=\"https:\/\/jief.jp\/it\/wp-content\/uploads\/2025\/10\/DSC04914.jpg\"\/><\/div><\/div><div class=\"eb-slider-item content-1\" data-src=\"https:\/\/jief.jp\/it\/wp-content\/uploads\/2025\/10\/DSC05001-2.jpg\"><div><img class=\"eb-slider-image\" data-lazy=\"https:\/\/jief.jp\/it\/wp-content\/uploads\/2025\/10\/DSC05001-2.jpg\"\/><\/div><\/div><div class=\"eb-slider-item content-1\" data-src=\"https:\/\/jief.jp\/it\/wp-content\/uploads\/2025\/10\/JIEF-GLOBE-osaka2025.jpg\"><div><img class=\"eb-slider-image\" data-lazy=\"https:\/\/jief.jp\/it\/wp-content\/uploads\/2025\/10\/JIEF-GLOBE-osaka2025.jpg\"\/><\/div><\/div><\/div><\/div><\/div><\/div>\n","protected":false},"excerpt":{"rendered":"<p>Japan Italy Economic Federation in missione in Giappone in occasione dell\u2019Expo di Osaka. Ospite nel padiglione Italia per l&#8217;evento \u201cItalia incontra Giappone. Costruire comunit\u00e0 sostenibili per il futuro delle nostre vite\u201d, dedicato al dialogo sui temi dell\u2019economia circolare, il presidente della federazione Daniele Di Santo ha posto l&#8217;attenzione sugli spazi per una maggiore cooperazione tra Italia e Giappone sul tema ambiente. L\u2019evento, organizzato dall\u2019Associazione nazionale per il clima Globe Italia, e a cui hanno preso parte i consorzi Cobat, Conai, Comieco e Corepla, eccellenze italiane e leader in Europa, ha ospitato anche la presentazione dell&#8217;opera del Maestro Marco Nereo Rotelli da parte del co-curatore e policy analist del Ministero della [&hellip;]<\/p>\n","protected":false},"author":1,"featured_media":4004,"comment_status":"closed","ping_status":"closed","sticky":false,"template":"","format":"standard","meta":{"site-sidebar-layout":"default","site-content-layout":"","ast-site-content-layout":"default","site-content-style":"default","site-sidebar-style":"default","ast-global-header-display":"","ast-banner-title-visibility":"","ast-main-header-display":"","ast-hfb-above-header-display":"","ast-hfb-below-header-display":"","ast-hfb-mobile-header-display":"","site-post-title":"","ast-breadcrumbs-content":"","ast-featured-img":"","footer-sml-layout":"","ast-disable-related-posts":"","theme-transparent-header-meta":"","adv-header-id-meta":"","stick-header-meta":"","header-above-stick-meta":"","header-main-stick-meta":"","header-below-stick-meta":"","astra-migrate-meta-layouts":"set","ast-page-background-enabled":"default","ast-page-background-meta":{"desktop":{"background-color":"","background-image":"","background-repeat":"repeat","background-position":"center center","background-size":"auto","background-attachment":"scroll","background-type":"","background-media":"","overlay-type":"","overlay-color":"","overlay-opacity":"","overlay-gradient":""},"tablet":{"background-color":"","background-image":"","background-repeat":"repeat","background-position":"center center","background-size":"auto","background-attachment":"scroll","background-type":"","background-media":"","overlay-type":"","overlay-color":"","overlay-opacity":"","overlay-gradient":""},"mobile":{"background-color":"","background-image":"","background-repeat":"repeat","background-position":"center center","background-size":"auto","background-attachment":"scroll","background-type":"","background-media":"","overlay-type":"","overlay-color":"","overlay-opacity":"","overlay-gradient":""}},"ast-content-background-meta":{"desktop":{"background-color":"var(--ast-global-color-5)","background-image":"","background-repeat":"repeat","background-position":"center center","background-size":"auto","background-attachment":"scroll","background-type":"","background-media":"","overlay-type":"","overlay-color":"","overlay-opacity":"","overlay-gradient":""},"tablet":{"background-color":"var(--ast-global-color-5)","background-image":"","background-repeat":"repeat","background-position":"center center","background-size":"auto","background-attachment":"scroll","background-type":"","background-media":"","overlay-type":"","overlay-color":"","overlay-opacity":"","overlay-gradient":""},"mobile":{"background-color":"var(--ast-global-color-5)","background-image":"","background-repeat":"repeat","background-position":"center center","background-size":"auto","background-attachment":"scroll","background-type":"","background-media":"","overlay-type":"","overlay-color":"","overlay-opacity":"","overlay-gradient":""}},"jetpack_post_was_ever_published":false,"_jetpack_newsletter_access":"","_jetpack_dont_email_post_to_subs":false,"_jetpack_newsletter_tier_id":0,"_jetpack_memberships_contains_paywalled_content":false,"_jetpack_memberships_contains_paid_content":false,"footnotes":"","jetpack_publicize_message":"","jetpack_publicize_feature_enabled":true,"jetpack_social_post_already_shared":false,"jetpack_social_options":{"image_generator_settings":{"template":"highway","default_image_id":0,"font":"","enabled":false},"version":2}},"categories":[1,41],"tags":[65,49,84,83,75,77,76,62,46,50],"class_list":["post-4001","post","type-post","status-publish","format-standard","has-post-thumbnail","hentry","category-blog","category-eventi","tag-2027-yokohama-green-expo","tag-daniele-di-santo","tag-economia-circolare","tag-expo-osaka","tag-expo2025","tag-globe-italia","tag-greenexpo2027","tag-italia-giappone","tag-japan-italy-economic-federation","tag-jief"],"yoast_head":"<!-- This site is optimized with the Yoast SEO plugin v27.5 - https:\/\/yoast.com\/product\/yoast-seo-wordpress\/ -->\n<title>Missione all\u2019Expo di Osaka con Globe Italia - Japan Italy Economic Federation<\/title>\n<meta name=\"robots\" content=\"index, follow, max-snippet:-1, max-image-preview:large, max-video-preview:-1\" \/>\n<link rel=\"canonical\" href=\"https:\/\/jief.jp\/it\/missione-allexpo-di-osaka-con-globe-italia\/\" \/>\n<meta property=\"og:locale\" content=\"it_IT\" \/>\n<meta property=\"og:type\" content=\"article\" \/>\n<meta property=\"og:title\" content=\"Missione all\u2019Expo di Osaka con Globe Italia - Japan Italy Economic Federation\" \/>\n<meta property=\"og:description\" content=\"Japan Italy Economic Federation in missione in Giappone in occasione dell\u2019Expo di Osaka. Ospite nel padiglione Italia per l&#8217;evento \u201cItalia incontra Giappone. Costruire comunit\u00e0 sostenibili per il futuro delle nostre vite\u201d, dedicato al dialogo sui temi dell\u2019economia circolare, il presidente della federazione Daniele Di Santo ha posto l&#8217;attenzione sugli spazi per una maggiore cooperazione tra Italia e Giappone sul tema ambiente. L\u2019evento, organizzato dall\u2019Associazione nazionale per il clima Globe Italia, e a cui hanno preso parte i consorzi Cobat, Conai, Comieco e Corepla, eccellenze italiane e leader in Europa, ha ospitato anche la presentazione dell&#8217;opera del Maestro Marco Nereo Rotelli da parte del co-curatore e policy analist del Ministero della [&hellip;]\" \/>\n<meta property=\"og:url\" content=\"https:\/\/jief.jp\/it\/missione-allexpo-di-osaka-con-globe-italia\/\" \/>\n<meta property=\"og:site_name\" content=\"Japan Italy Economic Federation\" \/>\n<meta property=\"article:publisher\" content=\"https:\/\/www.facebook.com\/JapanItalyEconomicFederationJIEF\" \/>\n<meta property=\"article:published_time\" content=\"2025-10-05T12:20:53+00:00\" \/>\n<meta property=\"article:modified_time\" content=\"2025-10-05T12:20:56+00:00\" \/>\n<meta property=\"og:image\" content=\"https:\/\/jief.jp\/it\/wp-content\/uploads\/2025\/10\/DSC05001-2.jpg\" \/>\n\t<meta property=\"og:image:width\" content=\"2048\" \/>\n\t<meta property=\"og:image:height\" content=\"1365\" \/>\n\t<meta property=\"og:image:type\" content=\"image\/jpeg\" \/>\n<meta name=\"author\" content=\"segreteria\" \/>\n<meta name=\"twitter:card\" content=\"summary_large_image\" \/>\n<meta name=\"twitter:label1\" content=\"Scritto da\" \/>\n\t<meta name=\"twitter:data1\" content=\"segreteria\" \/>\n\t<meta name=\"twitter:label2\" content=\"Tempo di lettura stimato\" \/>\n\t<meta name=\"twitter:data2\" content=\"3 minuti\" \/>\n<script type=\"application\/ld+json\" class=\"yoast-schema-graph\">{\"@context\":\"https:\\\/\\\/schema.org\",\"@graph\":[{\"@type\":\"Article\",\"@id\":\"https:\\\/\\\/jief.jp\\\/it\\\/missione-allexpo-di-osaka-con-globe-italia\\\/#article\",\"isPartOf\":{\"@id\":\"https:\\\/\\\/jief.jp\\\/it\\\/missione-allexpo-di-osaka-con-globe-italia\\\/\"},\"author\":{\"name\":\"segreteria\",\"@id\":\"https:\\\/\\\/jief.jp\\\/it\\\/#\\\/schema\\\/person\\\/9feda9a5800510fc88fe98723b5da6a4\"},\"headline\":\"Missione all\u2019Expo di Osaka con Globe Italia\",\"datePublished\":\"2025-10-05T12:20:53+00:00\",\"dateModified\":\"2025-10-05T12:20:56+00:00\",\"mainEntityOfPage\":{\"@id\":\"https:\\\/\\\/jief.jp\\\/it\\\/missione-allexpo-di-osaka-con-globe-italia\\\/\"},\"wordCount\":370,\"publisher\":{\"@id\":\"https:\\\/\\\/jief.jp\\\/it\\\/#organization\"},\"image\":{\"@id\":\"https:\\\/\\\/jief.jp\\\/it\\\/missione-allexpo-di-osaka-con-globe-italia\\\/#primaryimage\"},\"thumbnailUrl\":\"https:\\\/\\\/jief.jp\\\/it\\\/wp-content\\\/uploads\\\/2025\\\/10\\\/DSC05001-2.jpg\",\"keywords\":[\"2027 Yokohama Green Expo\",\"Daniele Di Santo\",\"Economia Circolare\",\"Expo Osaka\",\"Expo2025\",\"Globe Italia\",\"greenexpo2027\",\"Italia Giappone\",\"Japan Italy Economic Federation\",\"JIEF\"],\"articleSection\":[\"Blog\",\"Eventi\"],\"inLanguage\":\"it-IT\"},{\"@type\":\"WebPage\",\"@id\":\"https:\\\/\\\/jief.jp\\\/it\\\/missione-allexpo-di-osaka-con-globe-italia\\\/\",\"url\":\"https:\\\/\\\/jief.jp\\\/it\\\/missione-allexpo-di-osaka-con-globe-italia\\\/\",\"name\":\"Missione all\u2019Expo di Osaka con Globe Italia - Japan Italy Economic Federation\",\"isPartOf\":{\"@id\":\"https:\\\/\\\/jief.jp\\\/it\\\/#website\"},\"primaryImageOfPage\":{\"@id\":\"https:\\\/\\\/jief.jp\\\/it\\\/missione-allexpo-di-osaka-con-globe-italia\\\/#primaryimage\"},\"image\":{\"@id\":\"https:\\\/\\\/jief.jp\\\/it\\\/missione-allexpo-di-osaka-con-globe-italia\\\/#primaryimage\"},\"thumbnailUrl\":\"https:\\\/\\\/jief.jp\\\/it\\\/wp-content\\\/uploads\\\/2025\\\/10\\\/DSC05001-2.jpg\",\"datePublished\":\"2025-10-05T12:20:53+00:00\",\"dateModified\":\"2025-10-05T12:20:56+00:00\",\"breadcrumb\":{\"@id\":\"https:\\\/\\\/jief.jp\\\/it\\\/missione-allexpo-di-osaka-con-globe-italia\\\/#breadcrumb\"},\"inLanguage\":\"it-IT\",\"potentialAction\":[{\"@type\":\"ReadAction\",\"target\":[\"https:\\\/\\\/jief.jp\\\/it\\\/missione-allexpo-di-osaka-con-globe-italia\\\/\"]}]},{\"@type\":\"ImageObject\",\"inLanguage\":\"it-IT\",\"@id\":\"https:\\\/\\\/jief.jp\\\/it\\\/missione-allexpo-di-osaka-con-globe-italia\\\/#primaryimage\",\"url\":\"https:\\\/\\\/jief.jp\\\/it\\\/wp-content\\\/uploads\\\/2025\\\/10\\\/DSC05001-2.jpg\",\"contentUrl\":\"https:\\\/\\\/jief.jp\\\/it\\\/wp-content\\\/uploads\\\/2025\\\/10\\\/DSC05001-2.jpg\",\"width\":2048,\"height\":1365},{\"@type\":\"BreadcrumbList\",\"@id\":\"https:\\\/\\\/jief.jp\\\/it\\\/missione-allexpo-di-osaka-con-globe-italia\\\/#breadcrumb\",\"itemListElement\":[{\"@type\":\"ListItem\",\"position\":1,\"name\":\"Home\",\"item\":\"https:\\\/\\\/jief.jp\\\/it\\\/\"},{\"@type\":\"ListItem\",\"position\":2,\"name\":\"Missione all\u2019Expo di Osaka con Globe Italia\"}]},{\"@type\":\"WebSite\",\"@id\":\"https:\\\/\\\/jief.jp\\\/it\\\/#website\",\"url\":\"https:\\\/\\\/jief.jp\\\/it\\\/\",\"name\":\"Japan Italy Economic Federation\",\"description\":\"Japan Italy Economic Federation | \u65e5\u4f0a\u7d4c\u6e08\u9023\u5408\u4f1a\",\"publisher\":{\"@id\":\"https:\\\/\\\/jief.jp\\\/it\\\/#organization\"},\"potentialAction\":[{\"@type\":\"SearchAction\",\"target\":{\"@type\":\"EntryPoint\",\"urlTemplate\":\"https:\\\/\\\/jief.jp\\\/it\\\/?s={search_term_string}\"},\"query-input\":{\"@type\":\"PropertyValueSpecification\",\"valueRequired\":true,\"valueName\":\"search_term_string\"}}],\"inLanguage\":\"it-IT\"},{\"@type\":\"Organization\",\"@id\":\"https:\\\/\\\/jief.jp\\\/it\\\/#organization\",\"name\":\"Japan Italy Economic Federation\",\"url\":\"https:\\\/\\\/jief.jp\\\/it\\\/\",\"logo\":{\"@type\":\"ImageObject\",\"inLanguage\":\"it-IT\",\"@id\":\"https:\\\/\\\/jief.jp\\\/it\\\/#\\\/schema\\\/logo\\\/image\\\/\",\"url\":\"https:\\\/\\\/jief.jp\\\/it\\\/wp-content\\\/uploads\\\/2018\\\/11\\\/logo129x82-1.png\",\"contentUrl\":\"https:\\\/\\\/jief.jp\\\/it\\\/wp-content\\\/uploads\\\/2018\\\/11\\\/logo129x82-1.png\",\"width\":129,\"height\":63,\"caption\":\"Japan Italy Economic Federation\"},\"image\":{\"@id\":\"https:\\\/\\\/jief.jp\\\/it\\\/#\\\/schema\\\/logo\\\/image\\\/\"},\"sameAs\":[\"https:\\\/\\\/www.facebook.com\\\/JapanItalyEconomicFederationJIEF\"]},{\"@type\":\"Person\",\"@id\":\"https:\\\/\\\/jief.jp\\\/it\\\/#\\\/schema\\\/person\\\/9feda9a5800510fc88fe98723b5da6a4\",\"name\":\"segreteria\",\"url\":\"https:\\\/\\\/jief.jp\\\/it\\\/author\\\/disanto\\\/\"}]}<\/script>\n<!-- \/ Yoast SEO plugin. -->","yoast_head_json":{"title":"Missione all\u2019Expo di Osaka con Globe Italia - Japan Italy Economic Federation","robots":{"index":"index","follow":"follow","max-snippet":"max-snippet:-1","max-image-preview":"max-image-preview:large","max-video-preview":"max-video-preview:-1"},"canonical":"https:\/\/jief.jp\/it\/missione-allexpo-di-osaka-con-globe-italia\/","og_locale":"it_IT","og_type":"article","og_title":"Missione all\u2019Expo di Osaka con Globe Italia - Japan Italy Economic Federation","og_description":"Japan Italy Economic Federation in missione in Giappone in occasione dell\u2019Expo di Osaka. Ospite nel padiglione Italia per l&#8217;evento \u201cItalia incontra Giappone. Costruire comunit\u00e0 sostenibili per il futuro delle nostre vite\u201d, dedicato al dialogo sui temi dell\u2019economia circolare, il presidente della federazione Daniele Di Santo ha posto l&#8217;attenzione sugli spazi per una maggiore cooperazione tra Italia e Giappone sul tema ambiente. L\u2019evento, organizzato dall\u2019Associazione nazionale per il clima Globe Italia, e a cui hanno preso parte i consorzi Cobat, Conai, Comieco e Corepla, eccellenze italiane e leader in Europa, ha ospitato anche la presentazione dell&#8217;opera del Maestro Marco Nereo Rotelli da parte del co-curatore e policy analist del Ministero della [&hellip;]","og_url":"https:\/\/jief.jp\/it\/missione-allexpo-di-osaka-con-globe-italia\/","og_site_name":"Japan Italy Economic Federation","article_publisher":"https:\/\/www.facebook.com\/JapanItalyEconomicFederationJIEF","article_published_time":"2025-10-05T12:20:53+00:00","article_modified_time":"2025-10-05T12:20:56+00:00","og_image":[{"width":2048,"height":1365,"url":"https:\/\/jief.jp\/it\/wp-content\/uploads\/2025\/10\/DSC05001-2.jpg","type":"image\/jpeg"}],"author":"segreteria","twitter_card":"summary_large_image","twitter_misc":{"Scritto da":"segreteria","Tempo di lettura stimato":"3 minuti"},"schema":{"@context":"https:\/\/schema.org","@graph":[{"@type":"Article","@id":"https:\/\/jief.jp\/it\/missione-allexpo-di-osaka-con-globe-italia\/#article","isPartOf":{"@id":"https:\/\/jief.jp\/it\/missione-allexpo-di-osaka-con-globe-italia\/"},"author":{"name":"segreteria","@id":"https:\/\/jief.jp\/it\/#\/schema\/person\/9feda9a5800510fc88fe98723b5da6a4"},"headline":"Missione all\u2019Expo di Osaka con Globe Italia","datePublished":"2025-10-05T12:20:53+00:00","dateModified":"2025-10-05T12:20:56+00:00","mainEntityOfPage":{"@id":"https:\/\/jief.jp\/it\/missione-allexpo-di-osaka-con-globe-italia\/"},"wordCount":370,"publisher":{"@id":"https:\/\/jief.jp\/it\/#organization"},"image":{"@id":"https:\/\/jief.jp\/it\/missione-allexpo-di-osaka-con-globe-italia\/#primaryimage"},"thumbnailUrl":"https:\/\/jief.jp\/it\/wp-content\/uploads\/2025\/10\/DSC05001-2.jpg","keywords":["2027 Yokohama Green Expo","Daniele Di Santo","Economia Circolare","Expo Osaka","Expo2025","Globe Italia","greenexpo2027","Italia Giappone","Japan Italy Economic Federation","JIEF"],"articleSection":["Blog","Eventi"],"inLanguage":"it-IT"},{"@type":"WebPage","@id":"https:\/\/jief.jp\/it\/missione-allexpo-di-osaka-con-globe-italia\/","url":"https:\/\/jief.jp\/it\/missione-allexpo-di-osaka-con-globe-italia\/","name":"Missione all\u2019Expo di Osaka con Globe Italia - Japan Italy Economic Federation","isPartOf":{"@id":"https:\/\/jief.jp\/it\/#website"},"primaryImageOfPage":{"@id":"https:\/\/jief.jp\/it\/missione-allexpo-di-osaka-con-globe-italia\/#primaryimage"},"image":{"@id":"https:\/\/jief.jp\/it\/missione-allexpo-di-osaka-con-globe-italia\/#primaryimage"},"thumbnailUrl":"https:\/\/jief.jp\/it\/wp-content\/uploads\/2025\/10\/DSC05001-2.jpg","datePublished":"2025-10-05T12:20:53+00:00","dateModified":"2025-10-05T12:20:56+00:00","breadcrumb":{"@id":"https:\/\/jief.jp\/it\/missione-allexpo-di-osaka-con-globe-italia\/#breadcrumb"},"inLanguage":"it-IT","potentialAction":[{"@type":"ReadAction","target":["https:\/\/jief.jp\/it\/missione-allexpo-di-osaka-con-globe-italia\/"]}]},{"@type":"ImageObject","inLanguage":"it-IT","@id":"https:\/\/jief.jp\/it\/missione-allexpo-di-osaka-con-globe-italia\/#primaryimage","url":"https:\/\/jief.jp\/it\/wp-content\/uploads\/2025\/10\/DSC05001-2.jpg","contentUrl":"https:\/\/jief.jp\/it\/wp-content\/uploads\/2025\/10\/DSC05001-2.jpg","width":2048,"height":1365},{"@type":"BreadcrumbList","@id":"https:\/\/jief.jp\/it\/missione-allexpo-di-osaka-con-globe-italia\/#breadcrumb","itemListElement":[{"@type":"ListItem","position":1,"name":"Home","item":"https:\/\/jief.jp\/it\/"},{"@type":"ListItem","position":2,"name":"Missione all\u2019Expo di Osaka con Globe Italia"}]},{"@type":"WebSite","@id":"https:\/\/jief.jp\/it\/#website","url":"https:\/\/jief.jp\/it\/","name":"Japan Italy Economic Federation","description":"Japan Italy Economic Federation | \u65e5\u4f0a\u7d4c\u6e08\u9023\u5408\u4f1a","publisher":{"@id":"https:\/\/jief.jp\/it\/#organization"},"potentialAction":[{"@type":"SearchAction","target":{"@type":"EntryPoint","urlTemplate":"https:\/\/jief.jp\/it\/?s={search_term_string}"},"query-input":{"@type":"PropertyValueSpecification","valueRequired":true,"valueName":"search_term_string"}}],"inLanguage":"it-IT"},{"@type":"Organization","@id":"https:\/\/jief.jp\/it\/#organization","name":"Japan Italy Economic Federation","url":"https:\/\/jief.jp\/it\/","logo":{"@type":"ImageObject","inLanguage":"it-IT","@id":"https:\/\/jief.jp\/it\/#\/schema\/logo\/image\/","url":"https:\/\/jief.jp\/it\/wp-content\/uploads\/2018\/11\/logo129x82-1.png","contentUrl":"https:\/\/jief.jp\/it\/wp-content\/uploads\/2018\/11\/logo129x82-1.png","width":129,"height":63,"caption":"Japan Italy Economic Federation"},"image":{"@id":"https:\/\/jief.jp\/it\/#\/schema\/logo\/image\/"},"sameAs":["https:\/\/www.facebook.com\/JapanItalyEconomicFederationJIEF"]},{"@type":"Person","@id":"https:\/\/jief.jp\/it\/#\/schema\/person\/9feda9a5800510fc88fe98723b5da6a4","name":"segreteria","url":"https:\/\/jief.jp\/it\/author\/disanto\/"}]}},"jetpack_publicize_connections":[],"jetpack_featured_media_url":"https:\/\/jief.jp\/it\/wp-content\/uploads\/2025\/10\/DSC05001-2.jpg","jetpack_sharing_enabled":true,"jetpack_shortlink":"https:\/\/wp.me\/parZAv-12x","_links":{"self":[{"href":"https:\/\/jief.jp\/it\/wp-json\/wp\/v2\/posts\/4001","targetHints":{"allow":["GET"]}}],"collection":[{"href":"https:\/\/jief.jp\/it\/wp-json\/wp\/v2\/posts"}],"about":[{"href":"https:\/\/jief.jp\/it\/wp-json\/wp\/v2\/types\/post"}],"author":[{"embeddable":true,"href":"https:\/\/jief.jp\/it\/wp-json\/wp\/v2\/users\/1"}],"replies":[{"embeddable":true,"href":"https:\/\/jief.jp\/it\/wp-json\/wp\/v2\/comments?post=4001"}],"version-history":[{"count":1,"href":"https:\/\/jief.jp\/it\/wp-json\/wp\/v2\/posts\/4001\/revisions"}],"predecessor-version":[{"id":4005,"href":"https:\/\/jief.jp\/it\/wp-json\/wp\/v2\/posts\/4001\/revisions\/4005"}],"wp:featuredmedia":[{"embeddable":true,"href":"https:\/\/jief.jp\/it\/wp-json\/wp\/v2\/media\/4004"}],"wp:attachment":[{"href":"https:\/\/jief.jp\/it\/wp-json\/wp\/v2\/media?parent=4001"}],"wp:term":[{"taxonomy":"category","embeddable":true,"href":"https:\/\/jief.jp\/it\/wp-json\/wp\/v2\/categories?post=4001"},{"taxonomy":"post_tag","embeddable":true,"href":"https:\/\/jief.jp\/it\/wp-json\/wp\/v2\/tags?post=4001"}],"curies":[{"name":"wp","href":"https:\/\/api.w.org\/{rel}","templated":true}]}}